{"id":68,"count":6,"description":"<img class=\"wp-image-3119 size-full aligncenter\" src=\"https:\/\/prevital.eu\/wp-content\/uploads\/2021\/12\/tekintse-meg-valasztekunkat.png\" alt=\"\" width=\"458\" height=\"129\" \/>\r\n<p style=\"text-align: center\">A PreVital Sz\u00e1raz eledelei \u00ednycsikland\u00f3 t\u00e1pszemei\u00e9rt rajongani fog macsk\u00e1ja<\/p>","link":"https:\/\/prevital.eu\/hu\/product_form\/szaraz\/","name":"Sz\u00e1raz","slug":"szaraz","taxonomy":"product_form","parent":0,"meta":[],"acf":[],"z_taxonomy_image_url":"https:\/\/prevital.eu\/wp-content\/plugins\/categories-images\/assets\/images\/placeholder.png","_links":{"self":[{"href":"https:\/\/prevital.eu\/hu\/wp-json\/wp\/v2\/product_form\/68","targetHints":{"allow":["GET"]}}],"collection":[{"href":"https:\/\/prevital.eu\/hu\/wp-json\/wp\/v2\/product_form"}],"about":[{"href":"https:\/\/prevital.eu\/hu\/wp-json\/wp\/v2\/taxonomies\/product_form"}],"wp:post_type":[{"href":"https:\/\/prevital.eu\/hu\/wp-json\/wp\/v2\/product?product_form=68"}],"curies":[{"name":"wp","href":"https:\/\/api.w.org\/{rel}","templated":true}]}}